{"id":27,"date":"2010-05-10T23:02:23","date_gmt":"2010-05-10T23:02:23","guid":{"rendered":"http:\/\/kulturpro.wordpress.com\/?p=27"},"modified":"2010-05-10T23:02:23","modified_gmt":"2010-05-10T23:02:23","slug":"stipendien-der-stadt-koln-erstmals-fur-kunstschaffende-aus-ganz-nrw","status":"publish","type":"post","link":"http:\/\/newsic.net\/kulturpro\/?p=27","title":{"rendered":"Stipendien der Stadt K\u00f6ln erstmals f\u00fcr Kunstschaffende aus ganz NRW!"},"content":{"rendered":"<p style=\"text-align:justify;\"><strong>Stadt K\u00f6ln unterst\u00fctzt erstmals Kunstschaffende aus ganz NRW<\/strong>!<\/p>\n<p><strong>Bewerbungsfrist f\u00fcr F\u00f6rderstipendien bis Ende Mai!<\/strong><\/p>\n<p style=\"text-align:justify;\"><strong><\/strong> Nur noch bis Ende dieses Monats k\u00f6nnen sich junge K\u00fcnstlerinnen und K\u00fcnstler f\u00fcr eines der st\u00e4dtischen F\u00f6rderstipendien bewerben. Die Stadt K\u00f6ln hatte sie auch in diesem Jahr wieder zur Unterst\u00fctzung der zeitgen\u00f6ssischen Kunst und der freien k\u00fcnstlerischen Entfaltung  ausgeschrieben. Am Auswahlverfahren teilnehmen k\u00f6nnen zum ersten Mal Bewerberinnen  und Bewerber, die in Nordrhein-Westfalen wohnen oder arbeiten<strong> <\/strong><strong> und<\/strong> im  Verleihungsjahr nicht \u00e4lter  als 35 Jahre sind (Jahrgang 1975 und j\u00fcnger). Bisher war die Ausschreibung auf K\u00f6lnerinnen und K\u00f6lner beschr\u00e4nkt. Das Kulturamt erwartet, dass die Stipendiaten w\u00e4hrend der F\u00f6rderung ihren Lebensmittelpunkt in K\u00f6ln haben.<!--more--><br \/>\nZur Ausschreibung kommen Stipendien in den Sparten Bildende Kunst (Friedrich- Vordemberge-Stipendium),  Medienkunst (Chargesheimer-Stipendium), Literatur (Rolf-Dieter-Brinkmann-Stipendium) und Musik (Bernd-Alois-Zimmermann-Stipendium f\u00fcr Komponisten im Bereich der E-Musik). Au\u00dferdem wird das aus privaten Mitteln bereitgestellte Horst und Gretl Will-Stipendium f\u00fcr Jazz\/Improvisierte Musik vergeben. Interessenten m\u00fcssen ebenfalls in NRW wohnen oder arbeiten, die Altersgrenze ist hier jedoch auf 30 Jahre festgelegt. Die F\u00f6rderung bel\u00e4uft sich auf jeweils 10.000 Euro. Au\u00dferdem erhalten die Preistr\u00e4ger die M\u00f6glichkeit, ihre Werke in der \u00d6ffentlichkeit zu pr\u00e4sentieren.<\/p>\n<p style=\"text-align:justify;\"><a title=\"Externer Link zu http:\/\/www.stadt-koeln.de\/5\/kulturstadt\/kulturfoerderung\/ \" href=\"http:\/\/www.stadt-koeln.de\/5\/kulturstadt\/kulturfoerderung\/\" target=\"_blank\">Alle Informationen dazu hier!<\/a><\/p>\n","protected":false},"excerpt":{"rendered":"<p>Stadt K\u00f6ln unterst\u00fctzt erstmals Kunstschaffende aus ganz NRW! Bewerbungsfrist f\u00fcr F\u00f6rderstipendien bis Ende Mai! Nur noch bis Ende dieses Monats k\u00f6nnen sich junge K\u00fcnstlerinnen und K\u00fcnstler f\u00fcr eines der st\u00e4dtischen F\u00f6rderstipendien bewerben. Die Stadt K\u00f6ln hatte sie auch in diesem Jahr wieder zur Unterst\u00fctzung der zeitgen\u00f6ssischen Kunst und der freien k\u00fcnstlerischen Entfaltung ausgeschrieben. Am Auswahlverfahren [&hellip;]<\/p>\n","protected":false},"author":2,"featured_media":0,"comment_status":"open","ping_status":"open","sticky":false,"template":"","format":"standard","meta":[],"categories":[5],"tags":[40,49,57,59],"_links":{"self":[{"href":"http:\/\/newsic.net\/kulturpro\/index.php?rest_route=\/wp\/v2\/posts\/27"}],"collection":[{"href":"http:\/\/newsic.net\/kulturpro\/index.php?rest_route=\/wp\/v2\/posts"}],"about":[{"href":"http:\/\/newsic.net\/kulturpro\/index.php?rest_route=\/wp\/v2\/types\/post"}],"author":[{"embeddable":true,"href":"http:\/\/newsic.net\/kulturpro\/index.php?rest_route=\/wp\/v2\/users\/2"}],"replies":[{"embeddable":true,"href":"http:\/\/newsic.net\/kulturpro\/index.php?rest_route=%2Fwp%2Fv2%2Fcomments&post=27"}],"version-history":[{"count":0,"href":"http:\/\/newsic.net\/kulturpro\/index.php?rest_route=\/wp\/v2\/posts\/27\/revisions"}],"wp:attachment":[{"href":"http:\/\/newsic.net\/kulturpro\/index.php?rest_route=%2Fwp%2Fv2%2Fmedia&parent=27"}],"wp:term":[{"taxonomy":"category","embeddable":true,"href":"http:\/\/newsic.net\/kulturpro\/index.php?rest_route=%2Fwp%2Fv2%2Fcategories&post=27"},{"taxonomy":"post_tag","embeddable":true,"href":"http:\/\/newsic.net\/kulturpro\/index.php?rest_route=%2Fwp%2Fv2%2Ftags&post=27"}],"curies":[{"name":"wp","href":"https:\/\/api.w.org\/{rel}","templated":true}]}}