{"id":102,"date":"2010-08-30T19:02:07","date_gmt":"2010-08-30T17:02:07","guid":{"rendered":"http:\/\/kulturpro.wordpress.com\/?p=102"},"modified":"2020-11-01T09:21:29","modified_gmt":"2020-11-01T07:21:29","slug":"ausschreibung-fur-gruppenausstellung-zum-thema-turen-in-berlin","status":"publish","type":"post","link":"http:\/\/newsic.net\/kulturpro\/?p=102","title":{"rendered":"Ausschreibung f\u00fcr Gruppenausstellung zum Thema &#8222;T\u00fcren&#8220; in Berlin"},"content":{"rendered":"<div style=\"text-align: justify;\"><span style=\"font-family: Verdana,Arial,Helvetica,sans-serif; color: #990000; font-size: small;\"><strong>Galerie Kunstst\u00fcck Berlin<\/strong> <\/span><span style=\"font-family: Verdana,Arial,Helvetica,sans-serif; color: #000000; font-size: small;\">startet Aufruf f\u00fcr eine Weihnachts-Gruppenausstellung zum Thema<\/span><\/div>\n<p><span style=\"font-family: Verdana,Arial,Helvetica,sans-serif; font-size: small;\"><strong>&#8222;T\u00fcren&#8220;<\/strong> &#8211; T\u00fcren \u00f6ffnen sich, T\u00fcren schlie\u00dfen sich &#8230; <\/span><\/p>\n<p style=\"text-align: justify;\">Das Thema: T\u00fcren, Tore, Eing\u00e4nge &#8211; Das Thema l\u00e4sst viel Raum f\u00fcr Interpretation und Umsetzung.<!--more--><br \/>\nT\u00fcren &#8211; Wo sich eine T\u00fcr schlie\u00dft, tut sich eine n\u00e4chste auf. So lautet ein Sprichwort.<br \/>\nDas Tor zur H\u00f6lle, das Tor zum Himmel, T\u00fcren, Tore, Eing\u00e4nge, \u00dcberg\u00e4nge, der \u00dcbergang in ein neues Leben &#8230; in eine andere Welt.<br \/>\nT\u00fcren als Lebensweg, viele T\u00fcren stehen einem offen, die T\u00fcr zum Herzen, der Weg, das Tor zur Welt, verschlossene T\u00fcren, verbotene T\u00fcren und Eing\u00e4nge, unheimliche T\u00fcren &#8211; was ist hinter einer T\u00fcr, Fassaden (auch menschliche Fassaden) &#8230;<br \/>\nT\u00fcren sind auch Grenzen, T\u00fcren vor denen gewartet wird, T\u00fcren die niemals mehr aufgehen &#8211; z.B. bei Inhaftierten &#8230; Sie sehen, wie umfangreich und spannend dieses Motto ist.<\/p>\n<p style=\"text-align: justify;\">F\u00fcr dieses Event werden bildende K\u00fcnstler, Fotografen und Skulpteure sowie Objektk\u00fcnstler gesucht, die sich mit Ihren Werken zu diesem Thema beteiligen m\u00f6chten.<\/p>\n<p style=\"text-align: justify;\">Das Kunstevent\/Vernissage\/Finissage mit Getr\u00e4nkeservice findet in ausgesuchten exklusiven Ausstellungsr\u00e4umlichkeiten in Berlin-Sch\u00f6neberg in Kooperation mit <span style=\"color: #000000;\"><a href=\"http:\/\/www.kunstleben-berlin.de\/\" target=\"_blank\"><strong><span style=\"color: #990000;\">KUNSTLEBEN BERLIN<\/span><\/strong><\/a> statt und hat eine Dauer von zwei Wochen. Hier haben Sie die M\u00f6glichkeit schon einmal virtuell durch die wundersch\u00f6nen R\u00e4umlichkeiten zu wandern.<\/span><\/p>\n<p><span style=\"color: #000000;\">Das Event beginnt am <strong>04.12.2010<\/strong> mit einer <strong>Vernissage<\/strong> und endet am <strong>18.12.2010<\/strong> mit einer <strong>Finissage.<\/strong> <strong>Beginn<\/strong> ist jeweils <strong>19:00 Uhr<\/strong>.<\/span><br \/>\nGalerie Kunstst\u00fcck Berlin sorgt f\u00fcr Organisation, Betreuung, Presse- und \u00d6ffentlichkeitsarbeit, Werbung durch Flyer, H\u00e4ngung, Kontakte, Getr\u00e4nkeservice und Musiker &#8230;<\/p>\n<p>Nutzen Sie das kunstvolle Weihnachts-Event um neue Gesch\u00e4ftskontakte zu kn\u00fcpfen, Ihre Werke einem breiten auserlesenen Publikum vorzustellen und zu verkaufen &#8230;<\/p>\n<p style=\"text-align: justify;\">Interessierte K\u00fcnstler k\u00f6nnen sich bei Galerie Kunstst\u00fcck Berlin, Bianka Ahlgrimm anmelden entweder per E-mail oder telefonisch ein erstes Vorgespr\u00e4ch f\u00fchren &#8230;<\/p>\n<p><strong>Anmeldeschluss ist der 15.Oktober 2010<\/strong><\/p>\n<p>Hier erhalten Sie genaue Informationen: <a href=\"http:\/\/kunststueck-berlin.de\/grafik\/Vorgaben_Tueren.pdf\" target=\"_blank\">Infoblatt<\/a> | <a href=\"http:\/\/kunststueck-berlin.de\/grafik\/Bewerbungsbogen.pdf\" target=\"_blank\">Vorgaben<\/a> | <a href=\"http:\/\/kunststueck-berlin.de\/grafik\/Bewerbungsbogen.pdf\" target=\"_blank\">Bewerbungsbogen<\/a><\/p>\n<p><a title=\"Link zur Internetseite www.kunststueck-berlin.de\" href=\"http:\/\/kunststueck-berlin.de\/Aufruf_Kunstevent_Tueren.html\" target=\"_blank\">Quelle und Kontakt<\/a><\/p>\n","protected":false},"excerpt":{"rendered":"<p>Galerie Kunstst\u00fcck Berlin startet Aufruf f\u00fcr eine Weihnachts-Gruppenausstellung zum Thema &#8222;T\u00fcren&#8220; &#8211; T\u00fcren \u00f6ffnen sich, T\u00fcren schlie\u00dfen sich &#8230; Das Thema: T\u00fcren, Tore, Eing\u00e4nge &#8211; Das Thema l\u00e4sst viel Raum f\u00fcr Interpretation und Umsetzung.<\/p>\n","protected":false},"author":2,"featured_media":0,"comment_status":"closed","ping_status":"closed","sticky":false,"template":"","format":"standard","meta":[],"categories":[5],"tags":[11,23,24,37,41,43],"_links":{"self":[{"href":"http:\/\/newsic.net\/kulturpro\/index.php?rest_route=\/wp\/v2\/posts\/102"}],"collection":[{"href":"http:\/\/newsic.net\/kulturpro\/index.php?rest_route=\/wp\/v2\/posts"}],"about":[{"href":"http:\/\/newsic.net\/kulturpro\/index.php?rest_route=\/wp\/v2\/types\/post"}],"author":[{"embeddable":true,"href":"http:\/\/newsic.net\/kulturpro\/index.php?rest_route=\/wp\/v2\/users\/2"}],"replies":[{"embeddable":true,"href":"http:\/\/newsic.net\/kulturpro\/index.php?rest_route=%2Fwp%2Fv2%2Fcomments&post=102"}],"version-history":[{"count":1,"href":"http:\/\/newsic.net\/kulturpro\/index.php?rest_route=\/wp\/v2\/posts\/102\/revisions"}],"predecessor-version":[{"id":739,"href":"http:\/\/newsic.net\/kulturpro\/index.php?rest_route=\/wp\/v2\/posts\/102\/revisions\/739"}],"wp:attachment":[{"href":"http:\/\/newsic.net\/kulturpro\/index.php?rest_route=%2Fwp%2Fv2%2Fmedia&parent=102"}],"wp:term":[{"taxonomy":"category","embeddable":true,"href":"http:\/\/newsic.net\/kulturpro\/index.php?rest_route=%2Fwp%2Fv2%2Fcategories&post=102"},{"taxonomy":"post_tag","embeddable":true,"href":"http:\/\/newsic.net\/kulturpro\/index.php?rest_route=%2Fwp%2Fv2%2Ftags&post=102"}],"curies":[{"name":"wp","href":"https:\/\/api.w.org\/{rel}","templated":true}]}}